{"id":1327,"date":"2014-07-02T13:58:37","date_gmt":"2014-07-02T11:58:37","guid":{"rendered":"http:\/\/www.hoffmann-federkerne.de\/wp-dt\/weitere-jubilaeen-im-juli-2\/"},"modified":"2014-07-29T13:07:04","modified_gmt":"2014-07-29T11:07:04","slug":"weitere-jubilaeen-im-juli","status":"publish","type":"post","link":"https:\/\/www.hoffmann-federkerne.de\/pl\/weitere-jubilaeen-im-juli\/","title":{"rendered":"Dalsze jubileusze w lipcu"},"content":{"rendered":"<p>Odznaczenie z tytu\u0142u 20 i 30 lat sta\u017cu pracy w zak\u0142adzie<\/p>\n<p><!--more--><\/p>\n<p>Sk\u0142adamy gratulacje Pani Rosali Ro\u00dfbach z okazji 20 lat sta\u017cu pracy w zak\u0142adzie i dzi\u0119kujemy za jej wierno\u015b\u0107 i niestrudzone zaanga\u017cowanie.<\/p>\n<p>Podzi\u0119kowania sk\u0142adamy r\u00f3wnie\u017c d\u0142ugoletniemu prokurentowi sp\u00f3\u0142ki Hoffmann GmbH, Panu Dieterowi Krugowi, i \u017cyczymy wszystkiego najlepszego z okazji 30-letniego sta\u017cu pracy dla Grupy Hoffmann.<\/p>\n<p><a href=\"https:\/\/www.hoffmann-federkerne.de\/wp-dt\/wp-content\/uploads\/2014\/07\/Jubilaeen1.jpg\"><img loading=\"lazy\" decoding=\"async\" class=\"alignnone size-medium wp-image-1134\" src=\"https:\/\/www.hoffmann-federkerne.de\/wp-dt\/wp-content\/uploads\/2014\/07\/Jubilaeen1-300x169.jpg\" alt=\"Jubilaeen1\" width=\"300\" height=\"169\" srcset=\"https:\/\/www.hoffmann-federkerne.de\/wp-dt\/wp-content\/uploads\/2014\/07\/Jubilaeen1-300x169.jpg 300w, https:\/\/www.hoffmann-federkerne.de\/wp-dt\/wp-content\/uploads\/2014\/07\/Jubilaeen1.jpg 799w\" sizes=\"(max-width: 300px) 100vw, 300px\" \/><\/a><\/p>\n<p>Prezes Zarz\u0105du Gerhard Hoffmann wraz z jubilatami, Rosali\u0105 Ro\u00dfbach i Dieterem Krugiem<\/p>\n<p><a href=\"https:\/\/www.hoffmann-federkerne.de\/wp-dt\/wp-content\/uploads\/2014\/07\/Penguins.jpg\">\u00a0<\/a><\/p>\n<p>&nbsp;<\/p>\n<p>&nbsp;<\/p>\n","protected":false},"excerpt":{"rendered":"<p>Odznaczenie z tytu\u0142u 20 i 30 lat sta\u017cu pracy w zak\u0142adzie<\/p>\n","protected":false},"author":2,"featured_media":0,"comment_status":"closed","ping_status":"closed","sticky":false,"template":"","format":"standard","meta":{"_et_pb_use_builder":"","_et_pb_old_content":"","_et_gb_content_width":"","footnotes":""},"categories":[18],"tags":[],"class_list":["post-1327","post","type-post","status-publish","format-standard","hentry","category-aktuelles-polnisch"],"wps_subtitle":"","_links":{"self":[{"href":"https:\/\/www.hoffmann-federkerne.de\/pl\/wp-json\/wp\/v2\/posts\/1327","targetHints":{"allow":["GET"]}}],"collection":[{"href":"https:\/\/www.hoffmann-federkerne.de\/pl\/wp-json\/wp\/v2\/posts"}],"about":[{"href":"https:\/\/www.hoffmann-federkerne.de\/pl\/wp-json\/wp\/v2\/types\/post"}],"author":[{"embeddable":true,"href":"https:\/\/www.hoffmann-federkerne.de\/pl\/wp-json\/wp\/v2\/users\/2"}],"replies":[{"embeddable":true,"href":"https:\/\/www.hoffmann-federkerne.de\/pl\/wp-json\/wp\/v2\/comments?post=1327"}],"version-history":[{"count":1,"href":"https:\/\/www.hoffmann-federkerne.de\/pl\/wp-json\/wp\/v2\/posts\/1327\/revisions"}],"predecessor-version":[{"id":1328,"href":"https:\/\/www.hoffmann-federkerne.de\/pl\/wp-json\/wp\/v2\/posts\/1327\/revisions\/1328"}],"wp:attachment":[{"href":"https:\/\/www.hoffmann-federkerne.de\/pl\/wp-json\/wp\/v2\/media?parent=1327"}],"wp:term":[{"taxonomy":"category","embeddable":true,"href":"https:\/\/www.hoffmann-federkerne.de\/pl\/wp-json\/wp\/v2\/categories?post=1327"},{"taxonomy":"post_tag","embeddable":true,"href":"https:\/\/www.hoffmann-federkerne.de\/pl\/wp-json\/wp\/v2\/tags?post=1327"}],"curies":[{"name":"wp","href":"https:\/\/api.w.org\/{rel}","templated":true}]}}