{"id":1325,"date":"2014-06-16T13:40:00","date_gmt":"2014-06-16T11:40:00","guid":{"rendered":"http:\/\/www.hoffmann-federkerne.de\/wp-dt\/neue-homepage-2\/"},"modified":"2014-07-29T13:07:52","modified_gmt":"2014-07-29T11:07:52","slug":"neue-homepage","status":"publish","type":"post","link":"https:\/\/www.hoffmann-federkerne.de\/pl\/neue-homepage\/","title":{"rendered":"Jubileusz 25-lecia pracy"},"content":{"rendered":"<p>Odznaczenie d\u0142ugoletniego pracownika<\/p>\n<p><!--more--><\/p>\n<p>Bardzo przyjemne zadanie przypad\u0142o szefowi firmy, Gerhardowi Hoffmannowi, w dniu 16.06.2014 r. w siedzibie sp\u00f3\u0142ki w Se\u00dflach. D\u0142ugoletni pracownik, Torsten Biebl, odznaczony zosta\u0142 za swoj\u0105 25-letni\u0105 wiern\u0105 s\u0142u\u017cb\u0119 przedsi\u0119biorstwu. Dyplom i upominki na r\u0119ce jubilata z\u0142o\u017cy\u0142 osobi\u015bcie pan Hoffmann.<\/p>\n<p>&nbsp;<\/p>\n<p><a href=\"https:\/\/www.hoffmann-federkerne.de\/wp-dt\/wp-content\/uploads\/2014\/05\/IMAG0205.jpg\"><img loading=\"lazy\" decoding=\"async\" class=\"alignnone size-medium wp-image-1009\" src=\"https:\/\/www.hoffmann-federkerne.de\/wp-dt\/wp-content\/uploads\/2014\/05\/IMAG0205-166x300.jpg\" alt=\"IMAG0205\" width=\"166\" height=\"300\" srcset=\"https:\/\/www.hoffmann-federkerne.de\/wp-dt\/wp-content\/uploads\/2014\/05\/IMAG0205-166x300.jpg 166w, https:\/\/www.hoffmann-federkerne.de\/wp-dt\/wp-content\/uploads\/2014\/05\/IMAG0205-567x1024.jpg 567w, https:\/\/www.hoffmann-federkerne.de\/wp-dt\/wp-content\/uploads\/2014\/05\/IMAG0205.jpg 1075w\" sizes=\"(max-width: 166px) 100vw, 166px\" \/><\/a><\/p>\n","protected":false},"excerpt":{"rendered":"<p>Odznaczenie d\u0142ugoletniego pracownika<\/p>\n","protected":false},"author":2,"featured_media":0,"comment_status":"closed","ping_status":"closed","sticky":false,"template":"","format":"standard","meta":{"_et_pb_use_builder":"","_et_pb_old_content":"","_et_gb_content_width":"","footnotes":""},"categories":[18],"tags":[],"class_list":["post-1325","post","type-post","status-publish","format-standard","hentry","category-aktuelles-polnisch"],"wps_subtitle":"","_links":{"self":[{"href":"https:\/\/www.hoffmann-federkerne.de\/pl\/wp-json\/wp\/v2\/posts\/1325","targetHints":{"allow":["GET"]}}],"collection":[{"href":"https:\/\/www.hoffmann-federkerne.de\/pl\/wp-json\/wp\/v2\/posts"}],"about":[{"href":"https:\/\/www.hoffmann-federkerne.de\/pl\/wp-json\/wp\/v2\/types\/post"}],"author":[{"embeddable":true,"href":"https:\/\/www.hoffmann-federkerne.de\/pl\/wp-json\/wp\/v2\/users\/2"}],"replies":[{"embeddable":true,"href":"https:\/\/www.hoffmann-federkerne.de\/pl\/wp-json\/wp\/v2\/comments?post=1325"}],"version-history":[{"count":1,"href":"https:\/\/www.hoffmann-federkerne.de\/pl\/wp-json\/wp\/v2\/posts\/1325\/revisions"}],"predecessor-version":[{"id":1326,"href":"https:\/\/www.hoffmann-federkerne.de\/pl\/wp-json\/wp\/v2\/posts\/1325\/revisions\/1326"}],"wp:attachment":[{"href":"https:\/\/www.hoffmann-federkerne.de\/pl\/wp-json\/wp\/v2\/media?parent=1325"}],"wp:term":[{"taxonomy":"category","embeddable":true,"href":"https:\/\/www.hoffmann-federkerne.de\/pl\/wp-json\/wp\/v2\/categories?post=1325"},{"taxonomy":"post_tag","embeddable":true,"href":"https:\/\/www.hoffmann-federkerne.de\/pl\/wp-json\/wp\/v2\/tags?post=1325"}],"curies":[{"name":"wp","href":"https:\/\/api.w.org\/{rel}","templated":true}]}}