{"id":3839,"date":"2017-11-08T09:48:00","date_gmt":"2017-11-08T07:48:00","guid":{"rendered":"https:\/\/www.hoffmann-federkerne.de\/wp-dt\/25-jahre-betriebszugehoerigkeit-sibylle-mehrlaender\/"},"modified":"2019-05-06T13:51:34","modified_gmt":"2019-05-06T11:51:34","slug":"25-jahre-betriebszugehoerigkeit-sibylle-mehrlaender","status":"publish","type":"post","link":"https:\/\/www.hoffmann-federkerne.de\/en\/25-jahre-betriebszugehoerigkeit-sibylle-mehrlaender\/","title":{"rendered":"25 Jahre Betriebszugeh\u00f6rigkeit: Sibylle Mehrl\u00e4nder"},"content":{"rendered":"<p>Unsere Mitarbeiterin Sibylle Mehrl\u00e4nder feiert ihre 25 j\u00e4hrige Betriebszugeh\u00f6rigkeit. Hierzu bedanken wir uns recht herzlich und freuen uns auf weiterhin gute Zusammenarbeit.<\/p>\n<p><a href=\"https:\/\/www.hoffmann-federkerne.de\/wp-dt\/wp-content\/uploads\/2017\/11\/Sibylle-Mehrl\u00e4nder-25-Jahre.jpg\"><img loading=\"lazy\" decoding=\"async\" class=\"alignnone size-medium wp-image-2512\" src=\"https:\/\/www.hoffmann-federkerne.de\/wp-dt\/wp-content\/uploads\/2017\/11\/Sibylle-Mehrl\u00e4nder-25-Jahre-300x200.jpg\" alt=\"\" width=\"300\" height=\"200\" srcset=\"https:\/\/www.hoffmann-federkerne.de\/wp-dt\/wp-content\/uploads\/2017\/11\/Sibylle-Mehrl\u00e4nder-25-Jahre-300x200.jpg 300w, https:\/\/www.hoffmann-federkerne.de\/wp-dt\/wp-content\/uploads\/2017\/11\/Sibylle-Mehrl\u00e4nder-25-Jahre-768x513.jpg 768w, https:\/\/www.hoffmann-federkerne.de\/wp-dt\/wp-content\/uploads\/2017\/11\/Sibylle-Mehrl\u00e4nder-25-Jahre-1024x684.jpg 1024w, https:\/\/www.hoffmann-federkerne.de\/wp-dt\/wp-content\/uploads\/2017\/11\/Sibylle-Mehrl\u00e4nder-25-Jahre-1080x721.jpg 1080w, https:\/\/www.hoffmann-federkerne.de\/wp-dt\/wp-content\/uploads\/2017\/11\/Sibylle-Mehrl\u00e4nder-25-Jahre.jpg 2000w\" sizes=\"(max-width: 300px) 100vw, 300px\" \/><\/a><\/p>\n","protected":false},"excerpt":{"rendered":"<p>Unsere Mitarbeiterin Sibylle Mehrl\u00e4nder feiert ihre 25 j\u00e4hrige Betriebszugeh\u00f6rigkeit. Hierzu bedanken wir uns recht herzlich und freuen uns auf weiterhin gute Zusammenarbeit.<\/p>\n","protected":false},"author":9,"featured_media":0,"comment_status":"closed","ping_status":"closed","sticky":false,"template":"","format":"standard","meta":{"_et_pb_use_builder":"","_et_pb_old_content":"","_et_gb_content_width":"","footnotes":""},"categories":[12],"tags":[],"class_list":["post-3839","post","type-post","status-publish","format-standard","hentry","category-aktuelles-en"],"wps_subtitle":"","_links":{"self":[{"href":"https:\/\/www.hoffmann-federkerne.de\/en\/wp-json\/wp\/v2\/posts\/3839","targetHints":{"allow":["GET"]}}],"collection":[{"href":"https:\/\/www.hoffmann-federkerne.de\/en\/wp-json\/wp\/v2\/posts"}],"about":[{"href":"https:\/\/www.hoffmann-federkerne.de\/en\/wp-json\/wp\/v2\/types\/post"}],"author":[{"embeddable":true,"href":"https:\/\/www.hoffmann-federkerne.de\/en\/wp-json\/wp\/v2\/users\/9"}],"replies":[{"embeddable":true,"href":"https:\/\/www.hoffmann-federkerne.de\/en\/wp-json\/wp\/v2\/comments?post=3839"}],"version-history":[{"count":1,"href":"https:\/\/www.hoffmann-federkerne.de\/en\/wp-json\/wp\/v2\/posts\/3839\/revisions"}],"predecessor-version":[{"id":3841,"href":"https:\/\/www.hoffmann-federkerne.de\/en\/wp-json\/wp\/v2\/posts\/3839\/revisions\/3841"}],"wp:attachment":[{"href":"https:\/\/www.hoffmann-federkerne.de\/en\/wp-json\/wp\/v2\/media?parent=3839"}],"wp:term":[{"taxonomy":"category","embeddable":true,"href":"https:\/\/www.hoffmann-federkerne.de\/en\/wp-json\/wp\/v2\/categories?post=3839"},{"taxonomy":"post_tag","embeddable":true,"href":"https:\/\/www.hoffmann-federkerne.de\/en\/wp-json\/wp\/v2\/tags?post=3839"}],"curies":[{"name":"wp","href":"https:\/\/api.w.org\/{rel}","templated":true}]}}